{"id":1,"date":"2021-02-15T14:03:26","date_gmt":"2021-02-15T13:03:26","guid":{"rendered":"https:\/\/himmelsstube.de\/?p=1"},"modified":"2024-02-27T16:00:44","modified_gmt":"2024-02-27T15:00:44","slug":"wie-alles-begann","status":"publish","type":"post","link":"https:\/\/himmelsstube.de\/index.php\/2021\/02\/15\/wie-alles-begann\/","title":{"rendered":"Wie alles begann"},"content":{"rendered":"\n<p class=\"has-drop-cap\">Im Oktober 2017 sah ich in einem Traum einen gro\u00dfen hellen Raum, in dem Menschen mit Kaffeetasse in der Hand lachend und erz\u00e4hlend fr\u00f6hlich zusammen standen. F\u00fcr mich war\u00a0in diesem Moment v\u00f6llig klar, dass Gott mir damit\u00a0<span style=\"background-color:rgba(0, 0, 0, 0)\" class=\"has-inline-color has-neve-text-color-color\">ein Begegnungszentrum in der s\u00fcdlichen Innenstadt<\/span> von Halle zeigt. <\/p>\n\n\n\n<p class=\"has-nv-light-bg-background-color has-background has-medium-font-size\"><span style=\"background-color:rgba(0, 0, 0, 0)\" class=\"has-inline-color has-neve-text-color-color\"><em>Ich habe sofort gewusst, dass das meine n\u00e4chste Aufgabe sein wird.<\/em><\/span><\/p>\n\n\n\n<p>Ich sp\u00fcrte einen ganz gro\u00dfen inneren Drang, das alles auf Papier zu&nbsp;bringen und erz\u00e4hlte vielen Menschen von meinen Gedanken und meinem neuen Ziel. Die Ideen wurden immer konkreter und so schrieb ich sie als Konzept nieder und legte dieses einigen Institutionen wie dem Jugendamt vor.&nbsp;Alle sch\u00e4tzten das Konzept als sinnvoll und erfolgversprechend ein, konnten mich aber nicht unterst\u00fctzen, sondern schlugen vor, ich solle mir einen Tr\u00e4ger suchen, der es finanzieren w\u00fcrde.<\/p>\n\n\n\n<p>Ich kann mich noch sehr gut daran erinnern, wie ich mich zu dem Zeitpunkt gef\u00fchlt habe.&nbsp;Ich war entt\u00e4uscht und fragte Gott: Was soll ich jetzt machen? War das wirklich dein Plan f\u00fcr mich oder habe ich mich geirrt?&nbsp;<\/p>\n\n\n\n<p>Ich sprach weiter \u00fcber meine Pl\u00e4ne und legte im April 2019 mein Konzept der Evangeliumsgemeinde vor.&nbsp;Doch auch hier wurde mir zun\u00e4chst gesagt, dass es im Augenblick nicht m\u00f6glich w\u00e4re.<\/p>\n\n\n\n<p class=\"has-drop-cap\">Die Situation spitzte sich im Coronajahr 2020 zun\u00e4chst zu. Ich hatte das Angebot einer guten Freundin angenommen, bei ihr im Unternehmen einzusteigen, wo ich weiter die M\u00f6glichkeit hatte, mit Kindern zu&nbsp;arbeiten und beendete im September meine selbst\u00e4ndige Arbeit als Tagesmutter. Allerdings fand sich niemand, der die R\u00e4umlichkeiten meiner Tagespflege \u00fcbernehmen wollte, so dass ich monatelang weiterhin die hohe Miete bezahlen musste. Nun begann ich Gott um eine gute Idee zu bitten, wie ich die Miete bezahlen kann. <\/p>\n\n\n\n<p class=\"has-drop-cap\">Und siehe da,&nbsp;die Dinge kamen in Bewegung: Ich l\u00f6ste mein Kindertagespflege-Inventar auf und veranstaltete einige Flohm\u00e4rkte, mit denen ich die Miete aufbringen konnte. Zur selben Zeit setzte sich mein Vermieter mit der Evangeliumsgemeinde in Verbindung und bot ihnen meine ehemaligen R\u00e4ume&nbsp;an.&nbsp;Und sie sagten zu.<\/p>\n\n\n\n<p>Damit hatten sich meine finanziellen Sorgen um die Miete in Luft aufgel\u00f6st. Aber was sollte ich mit den noch \u00fcbrigen tollen B\u00fcchern, Gesellschaftsspielen und M\u00f6beln tun? <\/p>\n\n\n\n<p class=\"has-nv-light-bg-background-color has-background has-medium-font-size\"><em>Also begann ich wieder zu beten und bekam den Eindruck, ich soll alles spenden. \u201eAber wohin?\u201c, fragte ich ihn.<\/em><\/p>\n\n\n\n<p>Kurz darauf kam die Antwort, ich soll sie an die&nbsp;Kinderstation im Elisabeth-Krankenhaus, Caritas und die B\u00fccherfreunde spenden. Gesagt, getan, und so konnte ich&nbsp;guten Gewissens meine ehemaligen R\u00e4ume aufger\u00e4umt und besenrein der Evangeliumsgemeinde&nbsp;\u00fcberlassen.<\/p>\n\n\n\n<p class=\"has-drop-cap\">Mein neuer Job bei meiner Freundin war zwar gut, jedoch f\u00fchlte ich die ganze Zeit, dass das nicht der Ort ist, f\u00fcr den ich berufen bin. Gott ist so toll, denn genau das wusste er auch.&nbsp;Noch im Oktober bekam ich von unserer Gemeinde das Angebot, meine Vision, das geplante Begegnungszentrum, unter ihrem Dach aufzubauen. Ihr k\u00f6nnt euch vorstellen, was das in mir ausgel\u00f6st hat! Ich war so dankbar und gl\u00fccklich, dass mein Traum endlich Wirklichkeit werden wird! <\/p>\n\n\n\n<p class=\"has-nv-light-bg-background-color has-background has-medium-font-size\"><em>Gott hat, wie man sieht, eine ganz eigene Vorstellung von Zeit. Ich m\u00f6chte euch an dieser Stelle ermutigen, eure Tr\u00e4ume und Visionen nicht aufzugeben, sondern immer weiter dran zubleiben. Auch wenn es Durststrecken gibt.<\/em><\/p>\n\n\n\n<p>Im Januar 2021 bekam ich dann meinen Arbeitsvertrag von der Evangeliumsgemeinde und durfte loslegen.&nbsp;Seht selbst, was daraus geworden ist! <\/p>\n\n\n\n<div style=\"height:100px\" aria-hidden=\"true\" class=\"wp-block-spacer\"><\/div>\n\n\n\n<p class=\"has-small-font-size\"><em>Foto: <strong>Diego PH<\/strong> | https:\/\/unsplash.com\/@jdiegoph<\/em><\/p>\n","protected":false},"excerpt":{"rendered":"<p>Im Oktober 2017 sah ich in einem Traum einen gro\u00dfen hellen Raum, in dem Menschen mit Kaffeetasse in der Hand lachend und erz\u00e4hlend fr\u00f6hlich zusammen standen. F\u00fcr mich war\u00a0in diesem Moment v\u00f6llig klar, dass Gott mir damit\u00a0ein Begegnungszentrum in der s\u00fcdlichen Innenstadt von Halle zeigt. Ich habe sofort gewusst, dass das meine n\u00e4chste Aufgabe sein [&hellip;]<\/p>\n","protected":false},"author":3,"featured_media":215,"comment_status":"open","ping_status":"open","sticky":false,"template":"","format":"standard","meta":{"give_campaign_id":0,"_breakdance_hide_in_design_set":false,"_breakdance_tags":"","_jetpack_memberships_contains_paid_content":false,"footnotes":""},"categories":[1],"tags":[8,5,7,6],"class_list":["post-1","post","type-post","status-publish","format-standard","has-post-thumbnail","hentry","category-allgemein","tag-erfahrungen","tag-himmelsstube","tag-katja-woehl","tag-projektgeschichte"],"jetpack_featured_media_url":"https:\/\/himmelsstube.de\/wp-content\/uploads\/2021\/03\/diego-ph-SZYreZsJ-fE-unsplash-scaled.jpg","jetpack_sharing_enabled":true,"_links":{"self":[{"href":"https:\/\/himmelsstube.de\/index.php\/wp-json\/wp\/v2\/posts\/1","targetHints":{"allow":["GET"]}}],"collection":[{"href":"https:\/\/himmelsstube.de\/index.php\/wp-json\/wp\/v2\/posts"}],"about":[{"href":"https:\/\/himmelsstube.de\/index.php\/wp-json\/wp\/v2\/types\/post"}],"author":[{"embeddable":true,"href":"https:\/\/himmelsstube.de\/index.php\/wp-json\/wp\/v2\/users\/3"}],"replies":[{"embeddable":true,"href":"https:\/\/himmelsstube.de\/index.php\/wp-json\/wp\/v2\/comments?post=1"}],"version-history":[{"count":13,"href":"https:\/\/himmelsstube.de\/index.php\/wp-json\/wp\/v2\/posts\/1\/revisions"}],"predecessor-version":[{"id":1875,"href":"https:\/\/himmelsstube.de\/index.php\/wp-json\/wp\/v2\/posts\/1\/revisions\/1875"}],"wp:featuredmedia":[{"embeddable":true,"href":"https:\/\/himmelsstube.de\/index.php\/wp-json\/wp\/v2\/media\/215"}],"wp:attachment":[{"href":"https:\/\/himmelsstube.de\/index.php\/wp-json\/wp\/v2\/media?parent=1"}],"wp:term":[{"taxonomy":"category","embeddable":true,"href":"https:\/\/himmelsstube.de\/index.php\/wp-json\/wp\/v2\/categories?post=1"},{"taxonomy":"post_tag","embeddable":true,"href":"https:\/\/himmelsstube.de\/index.php\/wp-json\/wp\/v2\/tags?post=1"}],"curies":[{"name":"wp","href":"https:\/\/api.w.org\/{rel}","templated":true}]}}